{"id":247289,"date":"2026-08-31T15:42:00","date_gmt":"2026-08-31T13:42:00","guid":{"rendered":"https:\/\/www.avantespacia.com\/?p=247289"},"modified":"2026-08-31T19:00:49","modified_gmt":"2026-08-31T17:00:49","slug":"salinas-towers-toma-forma","status":"publish","type":"post","link":"https:\/\/www.avantespacia.com\/fr\/noticias\/salinas-towers-toma-forma\/","title":{"rendered":"Salinas Towers toma forma en su enclave privilegiado de Calpe, en la Costa Blanca"},"content":{"rendered":"\n<p>Avantespacia avanza en <strong>Calpe<\/strong> con su proyecto residencial <strong>Salinas Towers<\/strong>. Esta nueva promoci\u00f3n contin\u00faa tomando forma en su enclave privilegiado de la Costa Blanca, frente al parque de Las Salinas y a solo tres minutos de la playa, donde <strong>la construcci\u00f3n de la primera de las tres torres entra en su recta final<\/strong>.<\/p>\n\n\n\n<div style=\"height:1em\" aria-hidden=\"true\" class=\"wp-block-spacer\"><\/div>\n\n\n\n<div class=\"wp-block-media-text is-stacked-on-mobile is-image-fill-element has-background\" style=\"background-color:#f6f6f3\"><figure  class=\"wp-block-media-text__media\"><img loading=\"lazy\" decoding=\"async\" width=\"1200\" height=\"600\" alt=\"Infografia - Sal\u00f3n y terraza - Salinas Towers\" src=\"https:\/\/www.avantespacia.com\/wp-content\/uploads\/2026\/08\/Infografia-Salon-y-terraza-Salinas-Towers.jpg\" style=\"object-position:80% 50%;\" class=\"wp-image-247290 size-full\" srcset=\"https:\/\/www.avantespacia.com\/wp-content\/uploads\/2026\/08\/Infografia-Salon-y-terraza-Salinas-Towers.jpg 1200w, https:\/\/www.avantespacia.com\/wp-content\/uploads\/2026\/08\/Infografia-Salon-y-terraza-Salinas-Towers-400x200.jpg 400w, https:\/\/www.avantespacia.com\/wp-content\/uploads\/2026\/08\/Infografia-Salon-y-terraza-Salinas-Towers-1024x512.jpg 1024w, https:\/\/www.avantespacia.com\/wp-content\/uploads\/2026\/08\/Infografia-Salon-y-terraza-Salinas-Towers-768x384.jpg 768w\" sizes=\"auto, (max-width: 1200px) 100vw, 1200px\" \/><\/figure><div class=\"wp-block-media-text__content\">\n<div style=\"height:4em\" aria-hidden=\"true\" class=\"wp-block-spacer\"><\/div>\n\n\n\n<p>El complejo se compone de <strong>pisos y \u00e1ticos de 2 y 3 dormitorios<\/strong>, todos ellos concebidos para disfrutar de <strong>amplias terrazas, luz natural y vistas al Mediterr\u00e1neo y al Pe\u00f1\u00f3n de Ifach<\/strong>. La promoci\u00f3n incorpora, adem\u00e1s, espacios comunes pensados para el bienestar y el disfrute, como piscinas para adultos y ni\u00f1os con carril de nado, zona de juegos infantiles, pista de p\u00e1del, gimnasio equipado y aparcabicis.<\/p>\n\n\n\n<div style=\"height:3em\" aria-hidden=\"true\" class=\"wp-block-spacer\"><\/div>\n<\/div><\/div>\n\n\n\n<div style=\"height:2em\" aria-hidden=\"true\" class=\"wp-block-spacer\"><\/div>\n\n\n\n<p>Con las obras avanzando, Salinas Towers se aproxima a una nueva etapa y consolida su propuesta de combinar arquitectura contempor\u00e1nea y naturaleza en una zona en pleno auge. <strong>Arquitectura, confort y calidad de vida<\/strong> en uno de los enclaves m\u00e1s atractivos de la <strong>Costa Blanca<\/strong>.<\/p>\n\n\n\n<p>M\u00e1s informaci\u00f3n <a href=\"https:\/\/www.avantespacia.com\/promocion\/salinas-towers-calpe\/\">aqu\u00ed<\/a>.<\/p>\n","protected":false},"excerpt":{"rendered":"<p>Avantespacia avanza en Calpe con su proyecto residencial Salinas Towers. Esta nueva promoci\u00f3n contin\u00faa tomando forma en su enclave privilegiado de la Costa Blanca, frente al parque de Las Salinas y a solo tres minutos de la playa, donde la construcci\u00f3n de la primera de las tres torres entra en su recta final. Con las [&hellip;]<\/p>\n","protected":false},"author":16,"featured_media":247290,"comment_status":"closed","ping_status":"closed","sticky":false,"template":"","format":"standard","meta":{"_acf_changed":false,"footnotes":""},"categories":[1],"tags":[637,907],"class_list":["post-247289","post","type-post","status-publish","format-standard","has-post-thumbnail","hentry","category-noticias","tag-avantespacia","tag-avantespacia-alicante"],"acf":[],"yoast_head":"<!-- This site is optimized with the Yoast SEO Premium plugin v27.4 (Yoast SEO v28.3) - https:\/\/yoast.com\/product\/yoast-seo-premium-wordpress\/ -->\n<title>Salinas Towers toma forma en su enclave privilegiado de Calpe, en la Costa Blanca | Avantespacia Inmobiliaria - Casas de obra nueva<\/title>\n<meta name=\"description\" content=\"Avantespacia contin\u00faa adelante con su nuevo proyecto en Calpe (Alicante). Salinas Towers ofrece pisos y \u00e1ticos de 2 y 3 dormitorios, espacios comunes sin\u00f3nimo de bienestar y en una de las mejores zonas para ganar en calidad de vida: la Costa Blanca.\" \/>\n<meta name=\"robots\" content=\"index, follow, max-snippet:-1, max-image-preview:large, max-video-preview:-1\" \/>\n<link rel=\"canonical\" href=\"https:\/\/www.avantespacia.com\/fr\/noticias\/salinas-towers-toma-forma\/\" \/>\n<meta property=\"og:locale\" content=\"fr_FR\" \/>\n<meta property=\"og:type\" content=\"article\" \/>\n<meta property=\"og:title\" content=\"Salinas Towers toma forma en su enclave privilegiado de Calpe, en la Costa Blanca\" \/>\n<meta property=\"og:description\" content=\"Avantespacia contin\u00faa adelante con su nuevo proyecto en Calpe (Alicante). Salinas Towers ofrece pisos y \u00e1ticos de 2 y 3 dormitorios, espacios comunes sin\u00f3nimo de bienestar y en una de las mejores zonas para ganar en calidad de vida: la Costa Blanca.\" \/>\n<meta property=\"og:url\" content=\"https:\/\/www.avantespacia.com\/fr\/noticias\/salinas-towers-toma-forma\/\" \/>\n<meta property=\"og:site_name\" content=\"Avantespacia Inmobiliaria - Casas de obra nueva\" \/>\n<meta property=\"article:published_time\" content=\"2026-08-31T13:42:00+00:00\" \/>\n<meta property=\"article:modified_time\" content=\"2026-08-31T17:00:49+00:00\" \/>\n<meta property=\"og:image\" content=\"https:\/\/www.avantespacia.com\/wp-content\/uploads\/2026\/08\/Infografia-Salon-y-terraza-Salinas-Towers.jpg\" \/>\n\t<meta property=\"og:image:width\" content=\"1200\" \/>\n\t<meta property=\"og:image:height\" content=\"600\" \/>\n\t<meta property=\"og:image:type\" content=\"image\/jpeg\" \/>\n<meta name=\"author\" content=\"Uxio Broullon\" \/>\n<meta name=\"twitter:card\" content=\"summary_large_image\" \/>\n<meta name=\"twitter:label1\" content=\"\u00c9crit par\" \/>\n\t<meta name=\"twitter:data1\" content=\"Uxio Broullon\" \/>\n\t<meta name=\"twitter:label2\" content=\"Dur\u00e9e de lecture estim\u00e9e\" \/>\n\t<meta name=\"twitter:data2\" content=\"1 minute\" \/>\n<script type=\"application\/ld+json\" class=\"yoast-schema-graph\">{\"@context\":\"https:\\\/\\\/schema.org\",\"@graph\":[{\"@type\":\"Article\",\"@id\":\"https:\\\/\\\/www.avantespacia.com\\\/fr\\\/noticias\\\/salinas-towers-toma-forma\\\/#article\",\"isPartOf\":{\"@id\":\"https:\\\/\\\/www.avantespacia.com\\\/fr\\\/noticias\\\/salinas-towers-toma-forma\\\/\"},\"author\":{\"name\":\"Uxio Broullon\",\"@id\":\"https:\\\/\\\/www.avantespacia.com\\\/fr\\\/#\\\/schema\\\/person\\\/35c1c8934e7506b2252efb593ba03271\"},\"headline\":\"Salinas Towers toma forma en su enclave privilegiado de Calpe, en la Costa Blanca\",\"datePublished\":\"2026-08-31T13:42:00+00:00\",\"dateModified\":\"2026-08-31T17:00:49+00:00\",\"mainEntityOfPage\":{\"@id\":\"https:\\\/\\\/www.avantespacia.com\\\/fr\\\/noticias\\\/salinas-towers-toma-forma\\\/\"},\"wordCount\":192,\"publisher\":{\"@id\":\"https:\\\/\\\/www.avantespacia.com\\\/fr\\\/#organization\"},\"image\":{\"@id\":\"https:\\\/\\\/www.avantespacia.com\\\/fr\\\/noticias\\\/salinas-towers-toma-forma\\\/#primaryimage\"},\"thumbnailUrl\":\"https:\\\/\\\/www.avantespacia.com\\\/wp-content\\\/uploads\\\/2026\\\/08\\\/Infografia-Salon-y-terraza-Salinas-Towers.jpg\",\"keywords\":[\"Avantespacia\",\"Avantespacia Alicante\"],\"articleSection\":[\"Noticias\"],\"inLanguage\":\"fr-FR\"},{\"@type\":\"WebPage\",\"@id\":\"https:\\\/\\\/www.avantespacia.com\\\/fr\\\/noticias\\\/salinas-towers-toma-forma\\\/\",\"url\":\"https:\\\/\\\/www.avantespacia.com\\\/fr\\\/noticias\\\/salinas-towers-toma-forma\\\/\",\"name\":\"Salinas Towers toma forma en su enclave privilegiado de Calpe, en la Costa Blanca | Avantespacia Inmobiliaria - Casas de obra nueva\",\"isPartOf\":{\"@id\":\"https:\\\/\\\/www.avantespacia.com\\\/fr\\\/#website\"},\"primaryImageOfPage\":{\"@id\":\"https:\\\/\\\/www.avantespacia.com\\\/fr\\\/noticias\\\/salinas-towers-toma-forma\\\/#primaryimage\"},\"image\":{\"@id\":\"https:\\\/\\\/www.avantespacia.com\\\/fr\\\/noticias\\\/salinas-towers-toma-forma\\\/#primaryimage\"},\"thumbnailUrl\":\"https:\\\/\\\/www.avantespacia.com\\\/wp-content\\\/uploads\\\/2026\\\/08\\\/Infografia-Salon-y-terraza-Salinas-Towers.jpg\",\"datePublished\":\"2026-08-31T13:42:00+00:00\",\"dateModified\":\"2026-08-31T17:00:49+00:00\",\"description\":\"Avantespacia contin\u00faa adelante con su nuevo proyecto en Calpe (Alicante). Salinas Towers ofrece pisos y \u00e1ticos de 2 y 3 dormitorios, espacios comunes sin\u00f3nimo de bienestar y en una de las mejores zonas para ganar en calidad de vida: la Costa Blanca.\",\"breadcrumb\":{\"@id\":\"https:\\\/\\\/www.avantespacia.com\\\/fr\\\/noticias\\\/salinas-towers-toma-forma\\\/#breadcrumb\"},\"inLanguage\":\"fr-FR\",\"potentialAction\":[{\"@type\":\"ReadAction\",\"target\":[\"https:\\\/\\\/www.avantespacia.com\\\/fr\\\/noticias\\\/salinas-towers-toma-forma\\\/\"]}]},{\"@type\":\"ImageObject\",\"inLanguage\":\"fr-FR\",\"@id\":\"https:\\\/\\\/www.avantespacia.com\\\/fr\\\/noticias\\\/salinas-towers-toma-forma\\\/#primaryimage\",\"url\":\"https:\\\/\\\/www.avantespacia.com\\\/wp-content\\\/uploads\\\/2026\\\/08\\\/Infografia-Salon-y-terraza-Salinas-Towers.jpg\",\"contentUrl\":\"https:\\\/\\\/www.avantespacia.com\\\/wp-content\\\/uploads\\\/2026\\\/08\\\/Infografia-Salon-y-terraza-Salinas-Towers.jpg\",\"width\":1200,\"height\":600,\"caption\":\"Infografia - Sal\u00f3n y terraza - Salinas Towers\"},{\"@type\":\"BreadcrumbList\",\"@id\":\"https:\\\/\\\/www.avantespacia.com\\\/fr\\\/noticias\\\/salinas-towers-toma-forma\\\/#breadcrumb\",\"itemListElement\":[{\"@type\":\"ListItem\",\"position\":1,\"name\":\"Home\",\"item\":\"https:\\\/\\\/www.avantespacia.com\\\/fr\\\/\"},{\"@type\":\"ListItem\",\"position\":2,\"name\":\"Salinas Towers toma forma en su enclave privilegiado de Calpe, en la Costa Blanca\"}]},{\"@type\":\"WebSite\",\"@id\":\"https:\\\/\\\/www.avantespacia.com\\\/fr\\\/#website\",\"url\":\"https:\\\/\\\/www.avantespacia.com\\\/fr\\\/\",\"name\":\"Avantespacia Inmobiliaria - Casas de obra nueva\",\"description\":\"En Avantespacia, el portal inmobiliario de Inveravante, creamos espacios de vida con un elevado valor a\u00f1adido en bienestar y calidad.\",\"publisher\":{\"@id\":\"https:\\\/\\\/www.avantespacia.com\\\/fr\\\/#organization\"},\"potentialAction\":[{\"@type\":\"SearchAction\",\"target\":{\"@type\":\"EntryPoint\",\"urlTemplate\":\"https:\\\/\\\/www.avantespacia.com\\\/fr\\\/?s={search_term_string}\"},\"query-input\":{\"@type\":\"PropertyValueSpecification\",\"valueRequired\":true,\"valueName\":\"search_term_string\"}}],\"inLanguage\":\"fr-FR\"},{\"@type\":\"Organization\",\"@id\":\"https:\\\/\\\/www.avantespacia.com\\\/fr\\\/#organization\",\"name\":\"Avantespacia Portal Inmobiliario\",\"url\":\"https:\\\/\\\/www.avantespacia.com\\\/fr\\\/\",\"logo\":{\"@type\":\"ImageObject\",\"inLanguage\":\"fr-FR\",\"@id\":\"https:\\\/\\\/www.avantespacia.com\\\/fr\\\/#\\\/schema\\\/logo\\\/image\\\/\",\"url\":\"https:\\\/\\\/www.avantespacia.com\\\/wp-content\\\/uploads\\\/2020\\\/06\\\/logo.jpg\",\"contentUrl\":\"https:\\\/\\\/www.avantespacia.com\\\/wp-content\\\/uploads\\\/2020\\\/06\\\/logo.jpg\",\"width\":400,\"height\":200,\"caption\":\"Avantespacia Portal Inmobiliario\"},\"image\":{\"@id\":\"https:\\\/\\\/www.avantespacia.com\\\/fr\\\/#\\\/schema\\\/logo\\\/image\\\/\"}},{\"@type\":\"Person\",\"@id\":\"https:\\\/\\\/www.avantespacia.com\\\/fr\\\/#\\\/schema\\\/person\\\/35c1c8934e7506b2252efb593ba03271\",\"name\":\"Uxio Broullon\",\"image\":{\"@type\":\"ImageObject\",\"inLanguage\":\"fr-FR\",\"@id\":\"https:\\\/\\\/secure.gravatar.com\\\/avatar\\\/121b2a32c8ce6c68f74ae61ca56258b18b35c36399dae98025240f04199ef560?s=96&d=mm&r=g\",\"url\":\"https:\\\/\\\/secure.gravatar.com\\\/avatar\\\/121b2a32c8ce6c68f74ae61ca56258b18b35c36399dae98025240f04199ef560?s=96&d=mm&r=g\",\"contentUrl\":\"https:\\\/\\\/secure.gravatar.com\\\/avatar\\\/121b2a32c8ce6c68f74ae61ca56258b18b35c36399dae98025240f04199ef560?s=96&d=mm&r=g\",\"caption\":\"Uxio Broullon\"}}]}<\/script>\n<!-- \/ Yoast SEO Premium plugin. -->","yoast_head_json":{"title":"Salinas Towers toma forma en su enclave privilegiado de Calpe, en la Costa Blanca | Avantespacia Inmobiliaria - Casas de obra nueva","description":"Avantespacia contin\u00faa adelante con su nuevo proyecto en Calpe (Alicante). Salinas Towers ofrece pisos y \u00e1ticos de 2 y 3 dormitorios, espacios comunes sin\u00f3nimo de bienestar y en una de las mejores zonas para ganar en calidad de vida: la Costa Blanca.","robots":{"index":"index","follow":"follow","max-snippet":"max-snippet:-1","max-image-preview":"max-image-preview:large","max-video-preview":"max-video-preview:-1"},"canonical":"https:\/\/www.avantespacia.com\/fr\/noticias\/salinas-towers-toma-forma\/","og_locale":"fr_FR","og_type":"article","og_title":"Salinas Towers toma forma en su enclave privilegiado de Calpe, en la Costa Blanca","og_description":"Avantespacia contin\u00faa adelante con su nuevo proyecto en Calpe (Alicante). Salinas Towers ofrece pisos y \u00e1ticos de 2 y 3 dormitorios, espacios comunes sin\u00f3nimo de bienestar y en una de las mejores zonas para ganar en calidad de vida: la Costa Blanca.","og_url":"https:\/\/www.avantespacia.com\/fr\/noticias\/salinas-towers-toma-forma\/","og_site_name":"Avantespacia Inmobiliaria - Casas de obra nueva","article_published_time":"2026-08-31T13:42:00+00:00","article_modified_time":"2026-08-31T17:00:49+00:00","og_image":[{"width":1200,"height":600,"url":"https:\/\/www.avantespacia.com\/wp-content\/uploads\/2026\/08\/Infografia-Salon-y-terraza-Salinas-Towers.jpg","type":"image\/jpeg"}],"author":"Uxio Broullon","twitter_card":"summary_large_image","twitter_misc":{"\u00c9crit par":"Uxio Broullon","Dur\u00e9e de lecture estim\u00e9e":"1 minute"},"schema":{"@context":"https:\/\/schema.org","@graph":[{"@type":"Article","@id":"https:\/\/www.avantespacia.com\/fr\/noticias\/salinas-towers-toma-forma\/#article","isPartOf":{"@id":"https:\/\/www.avantespacia.com\/fr\/noticias\/salinas-towers-toma-forma\/"},"author":{"name":"Uxio Broullon","@id":"https:\/\/www.avantespacia.com\/fr\/#\/schema\/person\/35c1c8934e7506b2252efb593ba03271"},"headline":"Salinas Towers toma forma en su enclave privilegiado de Calpe, en la Costa Blanca","datePublished":"2026-08-31T13:42:00+00:00","dateModified":"2026-08-31T17:00:49+00:00","mainEntityOfPage":{"@id":"https:\/\/www.avantespacia.com\/fr\/noticias\/salinas-towers-toma-forma\/"},"wordCount":192,"publisher":{"@id":"https:\/\/www.avantespacia.com\/fr\/#organization"},"image":{"@id":"https:\/\/www.avantespacia.com\/fr\/noticias\/salinas-towers-toma-forma\/#primaryimage"},"thumbnailUrl":"https:\/\/www.avantespacia.com\/wp-content\/uploads\/2026\/08\/Infografia-Salon-y-terraza-Salinas-Towers.jpg","keywords":["Avantespacia","Avantespacia Alicante"],"articleSection":["Noticias"],"inLanguage":"fr-FR"},{"@type":"WebPage","@id":"https:\/\/www.avantespacia.com\/fr\/noticias\/salinas-towers-toma-forma\/","url":"https:\/\/www.avantespacia.com\/fr\/noticias\/salinas-towers-toma-forma\/","name":"Salinas Towers toma forma en su enclave privilegiado de Calpe, en la Costa Blanca | Avantespacia Inmobiliaria - Casas de obra nueva","isPartOf":{"@id":"https:\/\/www.avantespacia.com\/fr\/#website"},"primaryImageOfPage":{"@id":"https:\/\/www.avantespacia.com\/fr\/noticias\/salinas-towers-toma-forma\/#primaryimage"},"image":{"@id":"https:\/\/www.avantespacia.com\/fr\/noticias\/salinas-towers-toma-forma\/#primaryimage"},"thumbnailUrl":"https:\/\/www.avantespacia.com\/wp-content\/uploads\/2026\/08\/Infografia-Salon-y-terraza-Salinas-Towers.jpg","datePublished":"2026-08-31T13:42:00+00:00","dateModified":"2026-08-31T17:00:49+00:00","description":"Avantespacia contin\u00faa adelante con su nuevo proyecto en Calpe (Alicante). Salinas Towers ofrece pisos y \u00e1ticos de 2 y 3 dormitorios, espacios comunes sin\u00f3nimo de bienestar y en una de las mejores zonas para ganar en calidad de vida: la Costa Blanca.","breadcrumb":{"@id":"https:\/\/www.avantespacia.com\/fr\/noticias\/salinas-towers-toma-forma\/#breadcrumb"},"inLanguage":"fr-FR","potentialAction":[{"@type":"ReadAction","target":["https:\/\/www.avantespacia.com\/fr\/noticias\/salinas-towers-toma-forma\/"]}]},{"@type":"ImageObject","inLanguage":"fr-FR","@id":"https:\/\/www.avantespacia.com\/fr\/noticias\/salinas-towers-toma-forma\/#primaryimage","url":"https:\/\/www.avantespacia.com\/wp-content\/uploads\/2026\/08\/Infografia-Salon-y-terraza-Salinas-Towers.jpg","contentUrl":"https:\/\/www.avantespacia.com\/wp-content\/uploads\/2026\/08\/Infografia-Salon-y-terraza-Salinas-Towers.jpg","width":1200,"height":600,"caption":"Infografia - Sal\u00f3n y terraza - Salinas Towers"},{"@type":"BreadcrumbList","@id":"https:\/\/www.avantespacia.com\/fr\/noticias\/salinas-towers-toma-forma\/#breadcrumb","itemListElement":[{"@type":"ListItem","position":1,"name":"Home","item":"https:\/\/www.avantespacia.com\/fr\/"},{"@type":"ListItem","position":2,"name":"Salinas Towers toma forma en su enclave privilegiado de Calpe, en la Costa Blanca"}]},{"@type":"WebSite","@id":"https:\/\/www.avantespacia.com\/fr\/#website","url":"https:\/\/www.avantespacia.com\/fr\/","name":"Avantespacia Inmobiliaria - Casas de obra nueva","description":"En Avantespacia, el portal inmobiliario de Inveravante, creamos espacios de vida con un elevado valor a\u00f1adido en bienestar y calidad.","publisher":{"@id":"https:\/\/www.avantespacia.com\/fr\/#organization"},"potentialAction":[{"@type":"SearchAction","target":{"@type":"EntryPoint","urlTemplate":"https:\/\/www.avantespacia.com\/fr\/?s={search_term_string}"},"query-input":{"@type":"PropertyValueSpecification","valueRequired":true,"valueName":"search_term_string"}}],"inLanguage":"fr-FR"},{"@type":"Organization","@id":"https:\/\/www.avantespacia.com\/fr\/#organization","name":"Avantespacia Portal Inmobiliario","url":"https:\/\/www.avantespacia.com\/fr\/","logo":{"@type":"ImageObject","inLanguage":"fr-FR","@id":"https:\/\/www.avantespacia.com\/fr\/#\/schema\/logo\/image\/","url":"https:\/\/www.avantespacia.com\/wp-content\/uploads\/2020\/06\/logo.jpg","contentUrl":"https:\/\/www.avantespacia.com\/wp-content\/uploads\/2020\/06\/logo.jpg","width":400,"height":200,"caption":"Avantespacia Portal Inmobiliario"},"image":{"@id":"https:\/\/www.avantespacia.com\/fr\/#\/schema\/logo\/image\/"}},{"@type":"Person","@id":"https:\/\/www.avantespacia.com\/fr\/#\/schema\/person\/35c1c8934e7506b2252efb593ba03271","name":"Uxio Broullon","image":{"@type":"ImageObject","inLanguage":"fr-FR","@id":"https:\/\/secure.gravatar.com\/avatar\/121b2a32c8ce6c68f74ae61ca56258b18b35c36399dae98025240f04199ef560?s=96&d=mm&r=g","url":"https:\/\/secure.gravatar.com\/avatar\/121b2a32c8ce6c68f74ae61ca56258b18b35c36399dae98025240f04199ef560?s=96&d=mm&r=g","contentUrl":"https:\/\/secure.gravatar.com\/avatar\/121b2a32c8ce6c68f74ae61ca56258b18b35c36399dae98025240f04199ef560?s=96&d=mm&r=g","caption":"Uxio Broullon"}}]}},"_links":{"self":[{"href":"https:\/\/www.avantespacia.com\/fr\/wp-json\/wp\/v2\/posts\/247289","targetHints":{"allow":["GET"]}}],"collection":[{"href":"https:\/\/www.avantespacia.com\/fr\/wp-json\/wp\/v2\/posts"}],"about":[{"href":"https:\/\/www.avantespacia.com\/fr\/wp-json\/wp\/v2\/types\/post"}],"author":[{"embeddable":true,"href":"https:\/\/www.avantespacia.com\/fr\/wp-json\/wp\/v2\/users\/16"}],"replies":[{"embeddable":true,"href":"https:\/\/www.avantespacia.com\/fr\/wp-json\/wp\/v2\/comments?post=247289"}],"version-history":[{"count":2,"href":"https:\/\/www.avantespacia.com\/fr\/wp-json\/wp\/v2\/posts\/247289\/revisions"}],"predecessor-version":[{"id":247294,"href":"https:\/\/www.avantespacia.com\/fr\/wp-json\/wp\/v2\/posts\/247289\/revisions\/247294"}],"wp:featuredmedia":[{"embeddable":true,"href":"https:\/\/www.avantespacia.com\/fr\/wp-json\/wp\/v2\/media\/247290"}],"wp:attachment":[{"href":"https:\/\/www.avantespacia.com\/fr\/wp-json\/wp\/v2\/media?parent=247289"}],"wp:term":[{"taxonomy":"category","embeddable":true,"href":"https:\/\/www.avantespacia.com\/fr\/wp-json\/wp\/v2\/categories?post=247289"},{"taxonomy":"post_tag","embeddable":true,"href":"https:\/\/www.avantespacia.com\/fr\/wp-json\/wp\/v2\/tags?post=247289"}],"curies":[{"name":"wp","href":"https:\/\/api.w.org\/{rel}","templated":true}]}}